{"id":5133,"date":"2026-08-31T17:24:28","date_gmt":"2026-08-31T20:24:28","guid":{"rendered":"https:\/\/fm915lareddelacosta.com.ar\/?p=5133"},"modified":"2026-08-31T17:24:28","modified_gmt":"2026-08-31T20:24:28","slug":"santa-clara-del-mar-entregan-lena-gratuita-a-familias","status":"publish","type":"post","link":"https:\/\/fm915lareddelacosta.com.ar\/index.php\/2026\/08\/31\/santa-clara-del-mar-entregan-lena-gratuita-a-familias\/","title":{"rendered":"Santa Clara del Mar: entregan le\u00f1a gratuita a familias"},"content":{"rendered":"\n<p class=\"wp-block-paragraph\">La Delegaci\u00f3n de Santa Clara del Mar a cargo de Fabi\u00e1n Jacquet realiza trabajos de poda en Avenida Playa Grande y Avenida Cartagena, frente a la Ruta 11. La le\u00f1a obtenida ser\u00e1 entregada gratuitamente para uso dom\u00e9stico.Este lunes 31 de agosto, las cuadrillas de Espacios Verdes y Electromec\u00e1nica llevan adelante tareas de poda en el sector de Avenida Playa Grande y Avenida Cartagena, frente a la Ruta 11.Los trabajos cuentan con los permisos correspondientes y forman parte de las tareas de mantenimiento que realiza la Delegaci\u00f3n.A partir de las 12 del mediod\u00eda, las familias que necesiten le\u00f1a podr\u00e1n acercarse al lugar para retirarla de manera gratuita y para uso dom\u00e9stico.Adem\u00e1s, quienes no cuenten con movilidad propia podr\u00e1n solicitar la entrega a domicilio. Personal municipal coordinar\u00e1 el traslado y dispondr\u00e1 de veh\u00edculos para acercar la le\u00f1a a los hogares.La iniciativa permite aprovechar la le\u00f1a obtenida de los trabajos de poda y, al mismo tiempo, acompa\u00f1ar a las familias de la comunidad que la necesitan.<\/p>\n\n\n\n<figure class=\"wp-block-image size-large\"><img loading=\"lazy\" decoding=\"async\" width=\"1024\" height=\"768\" src=\"https:\/\/fm915lareddelacosta.com.ar\/wp-content\/uploads\/2026\/08\/689114-1024x768.jpg\" alt=\"\" class=\"wp-image-5134\" srcset=\"https:\/\/fm915lareddelacosta.com.ar\/wp-content\/uploads\/2026\/08\/689114-1024x768.jpg 1024w, https:\/\/fm915lareddelacosta.com.ar\/wp-content\/uploads\/2026\/08\/689114-300x225.jpg 300w, https:\/\/fm915lareddelacosta.com.ar\/wp-content\/uploads\/2026\/08\/689114-768x576.jpg 768w, https:\/\/fm915lareddelacosta.com.ar\/wp-content\/uploads\/2026\/08\/689114.jpg 1280w\" sizes=\"auto, (max-width: 1024px) 100vw, 1024px\" \/><\/figure>\n\n\n\n<figure class=\"wp-block-image size-large\"><img loading=\"lazy\" decoding=\"async\" width=\"1024\" height=\"768\" src=\"https:\/\/fm915lareddelacosta.com.ar\/wp-content\/uploads\/2026\/08\/689115-1024x768.jpg\" alt=\"\" class=\"wp-image-5135\" srcset=\"https:\/\/fm915lareddelacosta.com.ar\/wp-content\/uploads\/2026\/08\/689115-1024x768.jpg 1024w, https:\/\/fm915lareddelacosta.com.ar\/wp-content\/uploads\/2026\/08\/689115-300x225.jpg 300w, https:\/\/fm915lareddelacosta.com.ar\/wp-content\/uploads\/2026\/08\/689115-768x576.jpg 768w, https:\/\/fm915lareddelacosta.com.ar\/wp-content\/uploads\/2026\/08\/689115-1536x1152.jpg 1536w, https:\/\/fm915lareddelacosta.com.ar\/wp-content\/uploads\/2026\/08\/689115-2048x1536.jpg 2048w\" sizes=\"auto, (max-width: 1024px) 100vw, 1024px\" \/><\/figure>\n\n\n\n<figure class=\"wp-block-gallery has-nested-images columns-default is-cropped wp-block-gallery-1 is-layout-flex wp-block-gallery-is-layout-flex\">\n<figure class=\"wp-block-image size-large\"><img loading=\"lazy\" decoding=\"async\" width=\"1024\" height=\"768\" data-id=\"5136\" src=\"https:\/\/fm915lareddelacosta.com.ar\/wp-content\/uploads\/2026\/08\/689113-1024x768.jpg\" alt=\"\" class=\"wp-image-5136\" srcset=\"https:\/\/fm915lareddelacosta.com.ar\/wp-content\/uploads\/2026\/08\/689113-1024x768.jpg 1024w, https:\/\/fm915lareddelacosta.com.ar\/wp-content\/uploads\/2026\/08\/689113-300x225.jpg 300w, https:\/\/fm915lareddelacosta.com.ar\/wp-content\/uploads\/2026\/08\/689113-768x576.jpg 768w, https:\/\/fm915lareddelacosta.com.ar\/wp-content\/uploads\/2026\/08\/689113.jpg 1280w\" sizes=\"auto, (max-width: 1024px) 100vw, 1024px\" \/><\/figure>\n<\/figure>\n","protected":false},"excerpt":{"rendered":"<p>La Delegaci\u00f3n de Santa Clara del Mar a cargo de Fabi\u00e1n Jacquet realiza trabajos de poda en Avenida Playa Grande y Avenida Cartagena, frente a la Ruta 11. La le\u00f1a obtenida ser\u00e1 entregada gratuitamente para uso dom\u00e9stico.Este lunes 31 de agosto, las cuadrillas de Espacios Verdes y Electromec\u00e1nica llevan adelante tareas de poda en el [&hellip;]<\/p>\n","protected":false},"author":2,"featured_media":5134,"comment_status":"open","ping_status":"open","sticky":false,"template":"","format":"standard","meta":{"footnotes":""},"categories":[5],"tags":[],"class_list":["post-5133","post","type-post","status-publish","format-standard","has-post-thumbnail","hentry","category-local"],"_links":{"self":[{"href":"https:\/\/fm915lareddelacosta.com.ar\/index.php\/wp-json\/wp\/v2\/posts\/5133","targetHints":{"allow":["GET"]}}],"collection":[{"href":"https:\/\/fm915lareddelacosta.com.ar\/index.php\/wp-json\/wp\/v2\/posts"}],"about":[{"href":"https:\/\/fm915lareddelacosta.com.ar\/index.php\/wp-json\/wp\/v2\/types\/post"}],"author":[{"embeddable":true,"href":"https:\/\/fm915lareddelacosta.com.ar\/index.php\/wp-json\/wp\/v2\/users\/2"}],"replies":[{"embeddable":true,"href":"https:\/\/fm915lareddelacosta.com.ar\/index.php\/wp-json\/wp\/v2\/comments?post=5133"}],"version-history":[{"count":1,"href":"https:\/\/fm915lareddelacosta.com.ar\/index.php\/wp-json\/wp\/v2\/posts\/5133\/revisions"}],"predecessor-version":[{"id":5137,"href":"https:\/\/fm915lareddelacosta.com.ar\/index.php\/wp-json\/wp\/v2\/posts\/5133\/revisions\/5137"}],"wp:featuredmedia":[{"embeddable":true,"href":"https:\/\/fm915lareddelacosta.com.ar\/index.php\/wp-json\/wp\/v2\/media\/5134"}],"wp:attachment":[{"href":"https:\/\/fm915lareddelacosta.com.ar\/index.php\/wp-json\/wp\/v2\/media?parent=5133"}],"wp:term":[{"taxonomy":"category","embeddable":true,"href":"https:\/\/fm915lareddelacosta.com.ar\/index.php\/wp-json\/wp\/v2\/categories?post=5133"},{"taxonomy":"post_tag","embeddable":true,"href":"https:\/\/fm915lareddelacosta.com.ar\/index.php\/wp-json\/wp\/v2\/tags?post=5133"}],"curies":[{"name":"wp","href":"https:\/\/api.w.org\/{rel}","templated":true}]}}