{"id":5162,"date":"2026-09-03T19:24:19","date_gmt":"2026-09-03T22:24:19","guid":{"rendered":"https:\/\/fm915lareddelacosta.com.ar\/?p=5162"},"modified":"2026-09-03T19:24:19","modified_gmt":"2026-09-03T22:24:19","slug":"se-normaliza-el-transito-en-la-zona-de-la-rotonda-del-viejo-contrabandista-luego-de-los-trabajos-de-bacheo","status":"publish","type":"post","link":"https:\/\/fm915lareddelacosta.com.ar\/index.php\/2026\/09\/03\/se-normaliza-el-transito-en-la-zona-de-la-rotonda-del-viejo-contrabandista-luego-de-los-trabajos-de-bacheo\/","title":{"rendered":"SE NORMALIZA EL TR\u00c1NSITO EN LA ZONA DE LA ROTONDA DEL VIEJO CONTRABANDISTA LUEGO DE LOS TRABAJOS DE BACHEO"},"content":{"rendered":"\n<figure class=\"wp-block-gallery has-nested-images columns-default is-cropped wp-block-gallery-1 is-layout-flex wp-block-gallery-is-layout-flex\">\n<figure class=\"wp-block-image size-large\"><img loading=\"lazy\" decoding=\"async\" width=\"1024\" height=\"576\" data-id=\"5163\" src=\"https:\/\/fm915lareddelacosta.com.ar\/wp-content\/uploads\/2026\/09\/699340-1024x576.jpg\" alt=\"\" class=\"wp-image-5163\" srcset=\"https:\/\/fm915lareddelacosta.com.ar\/wp-content\/uploads\/2026\/09\/699340-1024x576.jpg 1024w, https:\/\/fm915lareddelacosta.com.ar\/wp-content\/uploads\/2026\/09\/699340-300x169.jpg 300w, https:\/\/fm915lareddelacosta.com.ar\/wp-content\/uploads\/2026\/09\/699340-768x432.jpg 768w, https:\/\/fm915lareddelacosta.com.ar\/wp-content\/uploads\/2026\/09\/699340-1536x864.jpg 1536w, https:\/\/fm915lareddelacosta.com.ar\/wp-content\/uploads\/2026\/09\/699340.jpg 1600w\" sizes=\"auto, (max-width: 1024px) 100vw, 1024px\" \/><\/figure>\n\n\n\n<figure class=\"wp-block-image size-large\"><img loading=\"lazy\" decoding=\"async\" width=\"1024\" height=\"768\" data-id=\"5164\" src=\"https:\/\/fm915lareddelacosta.com.ar\/wp-content\/uploads\/2026\/09\/699339-1024x768.jpg\" alt=\"\" class=\"wp-image-5164\" srcset=\"https:\/\/fm915lareddelacosta.com.ar\/wp-content\/uploads\/2026\/09\/699339-1024x768.jpg 1024w, https:\/\/fm915lareddelacosta.com.ar\/wp-content\/uploads\/2026\/09\/699339-300x225.jpg 300w, https:\/\/fm915lareddelacosta.com.ar\/wp-content\/uploads\/2026\/09\/699339-768x576.jpg 768w, https:\/\/fm915lareddelacosta.com.ar\/wp-content\/uploads\/2026\/09\/699339-1536x1152.jpg 1536w, https:\/\/fm915lareddelacosta.com.ar\/wp-content\/uploads\/2026\/09\/699339.jpg 1600w\" sizes=\"auto, (max-width: 1024px) 100vw, 1024px\" \/><\/figure>\n\n\n\n<figure class=\"wp-block-image size-large\"><img loading=\"lazy\" decoding=\"async\" width=\"1024\" height=\"768\" data-id=\"5165\" src=\"https:\/\/fm915lareddelacosta.com.ar\/wp-content\/uploads\/2026\/09\/699342-1024x768.jpg\" alt=\"\" class=\"wp-image-5165\" srcset=\"https:\/\/fm915lareddelacosta.com.ar\/wp-content\/uploads\/2026\/09\/699342-1024x768.jpg 1024w, https:\/\/fm915lareddelacosta.com.ar\/wp-content\/uploads\/2026\/09\/699342-300x225.jpg 300w, https:\/\/fm915lareddelacosta.com.ar\/wp-content\/uploads\/2026\/09\/699342-768x576.jpg 768w, https:\/\/fm915lareddelacosta.com.ar\/wp-content\/uploads\/2026\/09\/699342-1536x1152.jpg 1536w, https:\/\/fm915lareddelacosta.com.ar\/wp-content\/uploads\/2026\/09\/699342.jpg 1600w\" sizes=\"auto, (max-width: 1024px) 100vw, 1024px\" \/><\/figure>\n<\/figure>\n\n\n\n<p class=\"wp-block-paragraph\"> Esta ma\u00f1ana qued\u00f3 totalmente habilitado el tr\u00e1nsito en los sectores que presentaban reducci\u00f3n de calzada debido a las tareas de mantenimiento y bacheo en las inmediaciones de la Rotonda del Viejo Contrabandista.Los puntos donde la circulaci\u00f3n retorn\u00f3 a la normalidad son:Avenida Acapulco y Avenida MontrealAvenida Acapulco y la Rotonda (sector Havanna)Desde la Delegaci\u00f3n de Santa Clara del Mar a cargo de Fabi\u00e1n Jacquet, se agradece la paciencia y la colaboraci\u00f3n de los vecinos durante el desarrollo de las obras, al tiempo que se solicita continuar transitando con precauci\u00f3n por el sector para garantizar la seguridad vial de todos.<\/p>\n\n\n\n<p class=\"wp-block-paragraph\"><\/p>\n","protected":false},"excerpt":{"rendered":"<p>Esta ma\u00f1ana qued\u00f3 totalmente habilitado el tr\u00e1nsito en los sectores que presentaban reducci\u00f3n de calzada debido a las tareas de mantenimiento y bacheo en las inmediaciones de la Rotonda del Viejo Contrabandista.Los puntos donde la circulaci\u00f3n retorn\u00f3 a la normalidad son:Avenida Acapulco y Avenida MontrealAvenida Acapulco y la Rotonda (sector Havanna)Desde la Delegaci\u00f3n de Santa [&hellip;]<\/p>\n","protected":false},"author":2,"featured_media":5163,"comment_status":"open","ping_status":"open","sticky":false,"template":"","format":"standard","meta":{"footnotes":""},"categories":[5],"tags":[],"class_list":["post-5162","post","type-post","status-publish","format-standard","has-post-thumbnail","hentry","category-local"],"_links":{"self":[{"href":"https:\/\/fm915lareddelacosta.com.ar\/index.php\/wp-json\/wp\/v2\/posts\/5162","targetHints":{"allow":["GET"]}}],"collection":[{"href":"https:\/\/fm915lareddelacosta.com.ar\/index.php\/wp-json\/wp\/v2\/posts"}],"about":[{"href":"https:\/\/fm915lareddelacosta.com.ar\/index.php\/wp-json\/wp\/v2\/types\/post"}],"author":[{"embeddable":true,"href":"https:\/\/fm915lareddelacosta.com.ar\/index.php\/wp-json\/wp\/v2\/users\/2"}],"replies":[{"embeddable":true,"href":"https:\/\/fm915lareddelacosta.com.ar\/index.php\/wp-json\/wp\/v2\/comments?post=5162"}],"version-history":[{"count":1,"href":"https:\/\/fm915lareddelacosta.com.ar\/index.php\/wp-json\/wp\/v2\/posts\/5162\/revisions"}],"predecessor-version":[{"id":5166,"href":"https:\/\/fm915lareddelacosta.com.ar\/index.php\/wp-json\/wp\/v2\/posts\/5162\/revisions\/5166"}],"wp:featuredmedia":[{"embeddable":true,"href":"https:\/\/fm915lareddelacosta.com.ar\/index.php\/wp-json\/wp\/v2\/media\/5163"}],"wp:attachment":[{"href":"https:\/\/fm915lareddelacosta.com.ar\/index.php\/wp-json\/wp\/v2\/media?parent=5162"}],"wp:term":[{"taxonomy":"category","embeddable":true,"href":"https:\/\/fm915lareddelacosta.com.ar\/index.php\/wp-json\/wp\/v2\/categories?post=5162"},{"taxonomy":"post_tag","embeddable":true,"href":"https:\/\/fm915lareddelacosta.com.ar\/index.php\/wp-json\/wp\/v2\/tags?post=5162"}],"curies":[{"name":"wp","href":"https:\/\/api.w.org\/{rel}","templated":true}]}}